{"id":4464,"date":"2021-04-26T09:11:13","date_gmt":"2021-04-26T13:11:13","guid":{"rendered":"https:\/\/karmadharma.ca\/is-your-organization-homesick\/"},"modified":"2022-04-29T15:17:30","modified_gmt":"2022-04-29T19:17:30","slug":"votre-organisation-sest-elle-egaree","status":"publish","type":"post","link":"https:\/\/karmadharma.ca\/fr\/votre-organisation-sest-elle-egaree\/","title":{"rendered":"Votre organisation s\u2019est-elle \u00e9gar\u00e9e ?"},"content":{"rendered":"\t\t<div data-elementor-type=\"wp-post\" data-elementor-id=\"4464\" class=\"elementor elementor-4464 elementor-4071\" data-elementor-post-type=\"post\">\n\t\t\t\t\t\t<section class=\"elementor-section elementor-top-section elementor-element elementor-element-ab67011 elementor-section-boxed elementor-section-height-default elementor-section-height-default\" data-id=\"ab67011\" data-element_type=\"section\" data-e-type=\"section\" data-settings=\"{&quot;jet_parallax_layout_list&quot;:[{&quot;jet_parallax_layout_image&quot;:{&quot;url&quot;:&quot;&quot;,&quot;id&quot;:&quot;&quot;,&quot;size&quot;:&quot;&quot;},&quot;_id&quot;:&quot;68aafb2&quot;,&quot;jet_parallax_layout_image_tablet&quot;:{&quot;url&quot;:&quot;&quot;,&quot;id&quot;:&quot;&quot;,&quot;size&quot;:&quot;&quot;},&quot;jet_parallax_layout_image_mobile&quot;:{&quot;url&quot;:&quot;&quot;,&quot;id&quot;:&quot;&quot;,&quot;size&quot;:&quot;&quot;},&quot;jet_parallax_layout_speed&quot;:{&quot;unit&quot;:&quot;%&quot;,&quot;size&quot;:50,&quot;sizes&quot;:[]},&quot;jet_parallax_layout_type&quot;:&quot;scroll&quot;,&quot;jet_parallax_layout_direction&quot;:&quot;1&quot;,&quot;jet_parallax_layout_fx_direction&quot;:null,&quot;jet_parallax_layout_z_index&quot;:&quot;&quot;,&quot;jet_parallax_layout_bg_x&quot;:50,&quot;jet_parallax_layout_bg_x_tablet&quot;:&quot;&quot;,&quot;jet_parallax_layout_bg_x_mobile&quot;:&quot;&quot;,&quot;jet_parallax_layout_bg_y&quot;:50,&quot;jet_parallax_layout_bg_y_tablet&quot;:&quot;&quot;,&quot;jet_parallax_layout_bg_y_mobile&quot;:&quot;&quot;,&quot;jet_parallax_layout_bg_size&quot;:&quot;auto&quot;,&quot;jet_parallax_layout_bg_size_tablet&quot;:&quot;&quot;,&quot;jet_parallax_layout_bg_size_mobile&quot;:&quot;&quot;,&quot;jet_parallax_layout_animation_prop&quot;:&quot;transform&quot;,&quot;jet_parallax_layout_on&quot;:[&quot;desktop&quot;,&quot;tablet&quot;]}]}\">\n\t\t\t\t\t\t<div class=\"elementor-container elementor-column-gap-default\">\n\t\t\t\t\t<div class=\"elementor-column elementor-col-100 elementor-top-column elementor-element elementor-element-30c4417c\" data-id=\"30c4417c\" data-element_type=\"column\" data-e-type=\"column\">\n\t\t\t<div class=\"elementor-widget-wrap elementor-element-populated\">\n\t\t\t\t\t\t<div class=\"elementor-element elementor-element-a52686d elementor-widget elementor-widget-text-editor\" data-id=\"a52686d\" data-element_type=\"widget\" data-e-type=\"widget\" data-widget_type=\"text-editor.default\">\n\t\t\t\t\t\t\t\t\t<strong>La COVID nous a tous plut\u00f4t d\u00e9boussol\u00e9s.<\/strong>\u00a0Va-et-vient entre les mesures de confinement et de d\u00e9confinement, incertitude face \u00e0 l\u2019avenir, impossibilit\u00e9 de savoir quand les choses reviendront \u00e0 la \u00ab\u00a0normale\u00a0\u00bb. Nous recherchons tous une certaine normalit\u00e9, celle-ci constituant la base solide qui nous permet de progresser dans le monde.\r\n\r\nPourtant, m\u00eame avant la COVID, bien des organisations avec lesquelles nous travaillons recherchaient une telle stabilit\u00e9. Nous avons \u00e9t\u00e9 t\u00e9moins de la souffrance individuelle et organisationnelle plus ou moins grande qui survient lorsqu\u2019une entreprise ne fonctionne pas en harmonie avec son identit\u00e9 propre ou sa mission fondamentale.\r\n\r\nAnalyser la concurrence, demander aux experts la route \u00e0 suivre, tenter d&rsquo;imiter les autres en pensant qu\u2019ils sont meilleurs que nous.\r\n\r\nLa peur de rater une occasion ou de prendre le mauvais chemin finit par nous \u00e9carter de notre propre trajectoire et est source de conflits, de probl\u00e8mes de communication et de discordances. L\u2019horizon est rempli de potentialit\u00e9s qui entravent notre progression. Des options \u00e9crasantes. Une infinit\u00e9 de moyens pour parvenir \u00e0 nos fins.\t\t\t\t\t\t\t\t<\/div>\n\t\t\t\t<div class=\"elementor-element elementor-element-86a523f elementor-widget elementor-widget-text-editor\" data-id=\"86a523f\" data-element_type=\"widget\" data-e-type=\"widget\" data-widget_type=\"text-editor.default\">\n\t\t\t\t\t\t\t\t\t<strong>Survient le r\u00e9veil et le constat de ne pas \u00eatre en pleine possession de ses moyens.\u00a0<\/strong>\t\t\t\t\t\t\t\t<\/div>\n\t\t\t\t<div class=\"elementor-element elementor-element-8a5fd43 elementor-widget elementor-widget-text-editor\" data-id=\"8a5fd43\" data-element_type=\"widget\" data-e-type=\"widget\" data-widget_type=\"text-editor.default\">\n\t\t\t\t\t\t\t\t\t<div class=\"elementor-element elementor-element-f47f7b4 elementor-widget elementor-widget-text-editor\" data-id=\"f47f7b4\" data-element_type=\"widget\" data-widget_type=\"text-editor.default\">\r\n<div class=\"elementor-widget-container\">\r\n<div class=\"elementor-text-editor elementor-clearfix\">\r\n\r\nConsciemment ou non, nous avons la volont\u00e9 profonde de revenir \u00e0 notre propre v\u00e9rit\u00e9, de retrouver notre intention premi\u00e8re. Retrouver la raison d\u2019\u00eatre de notre entreprise. Revenir \u00e0 nos racines.\r\n\r\n<\/div>\r\n<\/div>\r\n<\/div>\t\t\t\t\t\t\t\t<\/div>\n\t\t\t\t<div class=\"elementor-element elementor-element-ee3605c elementor-widget elementor-widget-text-editor\" data-id=\"ee3605c\" data-element_type=\"widget\" data-e-type=\"widget\" data-widget_type=\"text-editor.default\">\n\t\t\t\t\t\t\t\t\t<strong>Entre en sc\u00e8ne la nostalgie organisationnelle.<\/strong>\t\t\t\t\t\t\t\t<\/div>\n\t\t\t\t<div class=\"elementor-element elementor-element-7db6828 elementor-widget elementor-widget-text-editor\" data-id=\"7db6828\" data-element_type=\"widget\" data-e-type=\"widget\" data-widget_type=\"text-editor.default\">\n\t\t\t\t\t\t\t\t\t<div class=\"elementor-element elementor-element-f47f7b4 elementor-widget elementor-widget-text-editor\" data-id=\"f47f7b4\" data-element_type=\"widget\" data-widget_type=\"text-editor.default\">\r\n<div class=\"elementor-widget-container\">\r\n<div class=\"elementor-text-editor elementor-clearfix\">\r\n\r\nBien qu\u2019elle puisse \u00eatre source de d\u00e9tresse, elle peut aussi servir de rep\u00e8re. Pour reconna\u00eetre le stress, l\u2019anxi\u00e9t\u00e9, le manque de concentration, il suffit de fermer les yeux, respirer profond\u00e9ment, et \u00e9couter notre corps. Lui seul peut nous dire \u00e0 quel point nous nous sommes \u00e9gar\u00e9s.\r\n\r\nPour retrouver notre chemin, il faut se laisser absorber par nos pens\u00e9es et nos sentiments, se recueillir au plus profond de notre \u00e2me. Il faut avoir le courage de trouver la r\u00e9ponse, non pas \u00e0 l\u2019ext\u00e9rieur, mais \u00e0 l\u2019int\u00e9rieur.\r\n\r\nAlors, comment aider votre organisation \u00e0 trouver le chemin du retour\u00a0? En vous assurant que votre \u00e9quipe de direction est sur la m\u00eame longueur d&rsquo;onde\u00a0? En ayant les bonnes personnes dans l\u2019\u00e9quipe\u00a0? En r\u00e9duisant les activit\u00e9s qui ne servent pas vraiment votre mission\u00a0? En ciblant les personnes qui partagent vos croyances, autant lors du recrutement que du point de vue marketing\u00a0?\r\n\r\nIl n\u2019est pas n\u00e9cessaire de faire des d\u00e9tours pour trouver le chemin du retour. Au contraire, c\u2019est une question de revenir \u00e0 l\u2019essentiel. \u00c9purer le paysage organisationnel. Arr\u00eater de chercher \u00ab\u00a0la \u00bb fa\u00e7on de faire et \u00eatre en paix avec \u00ab sa\u00a0\u00bb fa\u00e7on de faire.\r\n\r\n<\/div>\r\n<\/div>\r\n<\/div>\t\t\t\t\t\t\t\t<\/div>\n\t\t\t\t<div class=\"elementor-element elementor-element-7bb2356 elementor-widget elementor-widget-text-editor\" data-id=\"7bb2356\" data-element_type=\"widget\" data-e-type=\"widget\" data-widget_type=\"text-editor.default\">\n\t\t\t\t\t\t\t\t\t<strong>Parce qu\u2019en fin de compte, c\u2019est en faisant les choses \u00e0 votre fa\u00e7on que vous guiderez votre organisation sur le chemin du retour.<\/strong>\t\t\t\t\t\t\t\t<\/div>\n\t\t\t\t<div class=\"elementor-element elementor-element-eac601e elementor-widget elementor-widget-text-editor\" data-id=\"eac601e\" data-element_type=\"widget\" data-e-type=\"widget\" data-widget_type=\"text-editor.default\">\n\t\t\t\t\t\t\t\t\t<div class=\"elementor-element elementor-element-f47f7b4 elementor-widget elementor-widget-text-editor\" data-id=\"f47f7b4\" data-element_type=\"widget\" data-widget_type=\"text-editor.default\">\r\n<div class=\"elementor-widget-container\">\r\n<div class=\"elementor-text-editor elementor-clearfix\">\r\n\r\n<strong>Peter<\/strong>\r\n\r\n<em>P.S. Je me suis surpris \u00e0 sourire en \u00e9crivant ces lignes, car loin de m\u2019exprimer en toute connaissance de cause, je suis encore en train de chercher les bons rep\u00e8res pour notre organisation. Nous sommes ici avec vous ! #accueillirl\u2019aventure<\/em>\r\n\r\n<\/div>\r\n<\/div>\r\n<\/div>\t\t\t\t\t\t\t\t<\/div>\n\t\t\t\t\t<\/div>\n\t\t<\/div>\n\t\t\t\t\t<\/div>\n\t\t<\/section>\n\t\t\t\t<\/div>\n\t\t","protected":false},"excerpt":{"rendered":"<p>La COVID nous a tous plut\u00f4t d\u00e9boussol\u00e9s. Va-et-vient entre les mesures de confinement et de d\u00e9confinement, incertitude face \u00e0 l\u2019avenir, impossibilit\u00e9 de savoir quand les choses reviendront \u00e0 la \u00ab normale \u00bb. Nous recherchons tous une certaine normalit\u00e9, celle-ci constituant la base solide qui nous permet de progresser dans le monde. <\/p>\n","protected":false},"author":7,"featured_media":4416,"comment_status":"open","ping_status":"open","sticky":false,"template":"","format":"standard","meta":{"_acf_changed":false,"footnotes":""},"categories":[41],"tags":[],"class_list":["post-4464","post","type-post","status-publish","format-standard","has-post-thumbnail","hentry","category-la-direction-fr"],"acf":[],"yoast_head":"<!-- This site is optimized with the Yoast SEO plugin v27.3 - https:\/\/yoast.com\/product\/yoast-seo-wordpress\/ -->\n<title>karmadharma - Votre organisation s\u2019est-elle \u00e9gar\u00e9e ?<\/title>\n<meta name=\"description\" content=\"La COVID nous a tous plut\u00f4t d\u00e9boussol\u00e9s. Va-et-vient entre les mesures de confinement et de d\u00e9confinement, incertitude face \u00e0 l\u2019avenir, impossibilit\u00e9 de savoir quand les choses reviendront \u00e0 la \u00ab normale \u00bb. Nous recherchons tous une certaine normalit\u00e9, celle-ci constituant la base solide qui nous permet de progresser dans le monde.\" \/>\n<meta name=\"robots\" content=\"index, follow, max-snippet:-1, max-image-preview:large, max-video-preview:-1\" \/>\n<link rel=\"canonical\" href=\"https:\/\/karmadharma.ca\/fr\/votre-organisation-sest-elle-egaree\/\" \/>\n<meta property=\"og:locale\" content=\"fr_CA\" \/>\n<meta property=\"og:type\" content=\"article\" \/>\n<meta property=\"og:title\" content=\"Votre organisation s\u2019est-elle \u00e9gar\u00e9e ?\" \/>\n<meta property=\"og:description\" content=\"La COVID nous a tous plut\u00f4t d\u00e9boussol\u00e9s. Va-et-vient entre les mesures de confinement et de d\u00e9confinement, incertitude face \u00e0 l\u2019avenir, impossibilit\u00e9 de savoir quand les choses reviendront \u00e0 la \u00ab normale \u00bb. Nous recherchons tous une certaine normalit\u00e9, celle-ci constituant la base solide qui nous permet de progresser dans le monde.\" \/>\n<meta property=\"og:url\" content=\"https:\/\/karmadharma.ca\/fr\/votre-organisation-sest-elle-egaree\/\" \/>\n<meta property=\"og:site_name\" content=\"karmadharma\" \/>\n<meta property=\"article:publisher\" content=\"https:\/\/www.facebook.com\/karmadharma.agency\" \/>\n<meta property=\"article:published_time\" content=\"2021-04-26T13:11:13+00:00\" \/>\n<meta property=\"article:modified_time\" content=\"2022-04-29T19:17:30+00:00\" \/>\n<meta property=\"og:image\" content=\"https:\/\/karmadharma.ca\/wp-content\/uploads\/2021\/04\/shoes72ppi.jpg\" \/>\n\t<meta property=\"og:image:width\" content=\"1520\" \/>\n\t<meta property=\"og:image:height\" content=\"728\" \/>\n\t<meta property=\"og:image:type\" content=\"image\/jpeg\" \/>\n<meta name=\"author\" content=\"Peter Georgariou\" \/>\n<meta name=\"twitter:card\" content=\"summary_large_image\" \/>\n<meta name=\"twitter:title\" content=\"Votre organisation s\u2019est-elle \u00e9gar\u00e9e ?\" \/>\n<meta name=\"twitter:description\" content=\"La COVID nous a tous plut\u00f4t d\u00e9boussol\u00e9s. Va-et-vient entre les mesures de confinement et de d\u00e9confinement, incertitude face \u00e0 l\u2019avenir, impossibilit\u00e9 de savoir quand les choses reviendront \u00e0 la \u00ab normale \u00bb. Nous recherchons tous une certaine normalit\u00e9, celle-ci constituant la base solide qui nous permet de progresser dans le monde.\" \/>\n<meta name=\"twitter:image\" content=\"https:\/\/karmadharma.ca\/wp-content\/uploads\/2021\/04\/shoes-light-grey-scaled.jpg\" \/>\n<meta name=\"twitter:label1\" content=\"\u00c9crit par\" \/>\n\t<meta name=\"twitter:data1\" content=\"Peter Georgariou\" \/>\n\t<meta name=\"twitter:label2\" content=\"Estimation du temps de lecture\" \/>\n\t<meta name=\"twitter:data2\" content=\"3 minutes\" \/>\n<script type=\"application\/ld+json\" class=\"yoast-schema-graph\">{\"@context\":\"https:\\\/\\\/schema.org\",\"@graph\":[{\"@type\":\"Article\",\"@id\":\"https:\\\/\\\/karmadharma.ca\\\/fr\\\/votre-organisation-sest-elle-egaree\\\/#article\",\"isPartOf\":{\"@id\":\"https:\\\/\\\/karmadharma.ca\\\/fr\\\/votre-organisation-sest-elle-egaree\\\/\"},\"author\":{\"name\":\"Peter Georgariou\",\"@id\":\"https:\\\/\\\/karmadharma.ca\\\/fr\\\/#\\\/schema\\\/person\\\/715c0394aaa71ff94d75f152a99b9d3d\"},\"headline\":\"Votre organisation s\u2019est-elle \u00e9gar\u00e9e ?\",\"datePublished\":\"2021-04-26T13:11:13+00:00\",\"dateModified\":\"2022-04-29T19:17:30+00:00\",\"mainEntityOfPage\":{\"@id\":\"https:\\\/\\\/karmadharma.ca\\\/fr\\\/votre-organisation-sest-elle-egaree\\\/\"},\"wordCount\":519,\"commentCount\":0,\"publisher\":{\"@id\":\"https:\\\/\\\/karmadharma.ca\\\/fr\\\/#organization\"},\"image\":{\"@id\":\"https:\\\/\\\/karmadharma.ca\\\/fr\\\/votre-organisation-sest-elle-egaree\\\/#primaryimage\"},\"thumbnailUrl\":\"https:\\\/\\\/karmadharma.ca\\\/wp-content\\\/uploads\\\/2021\\\/04\\\/shoes-alt-alt.jpg\",\"articleSection\":[\"La direction\"],\"inLanguage\":\"fr-CA\",\"potentialAction\":[{\"@type\":\"CommentAction\",\"name\":\"Comment\",\"target\":[\"https:\\\/\\\/karmadharma.ca\\\/fr\\\/votre-organisation-sest-elle-egaree\\\/#respond\"]}]},{\"@type\":\"WebPage\",\"@id\":\"https:\\\/\\\/karmadharma.ca\\\/fr\\\/votre-organisation-sest-elle-egaree\\\/\",\"url\":\"https:\\\/\\\/karmadharma.ca\\\/fr\\\/votre-organisation-sest-elle-egaree\\\/\",\"name\":\"karmadharma - Votre organisation s\u2019est-elle \u00e9gar\u00e9e ?\",\"isPartOf\":{\"@id\":\"https:\\\/\\\/karmadharma.ca\\\/fr\\\/#website\"},\"primaryImageOfPage\":{\"@id\":\"https:\\\/\\\/karmadharma.ca\\\/fr\\\/votre-organisation-sest-elle-egaree\\\/#primaryimage\"},\"image\":{\"@id\":\"https:\\\/\\\/karmadharma.ca\\\/fr\\\/votre-organisation-sest-elle-egaree\\\/#primaryimage\"},\"thumbnailUrl\":\"https:\\\/\\\/karmadharma.ca\\\/wp-content\\\/uploads\\\/2021\\\/04\\\/shoes-alt-alt.jpg\",\"datePublished\":\"2021-04-26T13:11:13+00:00\",\"dateModified\":\"2022-04-29T19:17:30+00:00\",\"description\":\"La COVID nous a tous plut\u00f4t d\u00e9boussol\u00e9s. Va-et-vient entre les mesures de confinement et de d\u00e9confinement, incertitude face \u00e0 l\u2019avenir, impossibilit\u00e9 de savoir quand les choses reviendront \u00e0 la \u00ab normale \u00bb. Nous recherchons tous une certaine normalit\u00e9, celle-ci constituant la base solide qui nous permet de progresser dans le monde.\",\"breadcrumb\":{\"@id\":\"https:\\\/\\\/karmadharma.ca\\\/fr\\\/votre-organisation-sest-elle-egaree\\\/#breadcrumb\"},\"inLanguage\":\"fr-CA\",\"potentialAction\":[{\"@type\":\"ReadAction\",\"target\":[\"https:\\\/\\\/karmadharma.ca\\\/fr\\\/votre-organisation-sest-elle-egaree\\\/\"]}]},{\"@type\":\"ImageObject\",\"inLanguage\":\"fr-CA\",\"@id\":\"https:\\\/\\\/karmadharma.ca\\\/fr\\\/votre-organisation-sest-elle-egaree\\\/#primaryimage\",\"url\":\"https:\\\/\\\/karmadharma.ca\\\/wp-content\\\/uploads\\\/2021\\\/04\\\/shoes-alt-alt.jpg\",\"contentUrl\":\"https:\\\/\\\/karmadharma.ca\\\/wp-content\\\/uploads\\\/2021\\\/04\\\/shoes-alt-alt.jpg\",\"width\":1520,\"height\":728,\"caption\":\"Leather brown men's sneakers with white laces and rubber soles on beige background. Flat lay top view. Men's sports casual shoes. Fashionable sneakers. Male fashion hipster footwear Minimal background.\"},{\"@type\":\"BreadcrumbList\",\"@id\":\"https:\\\/\\\/karmadharma.ca\\\/fr\\\/votre-organisation-sest-elle-egaree\\\/#breadcrumb\",\"itemListElement\":[{\"@type\":\"ListItem\",\"position\":1,\"name\":\"Home\",\"item\":\"https:\\\/\\\/karmadharma.ca\\\/fr\\\/\"},{\"@type\":\"ListItem\",\"position\":2,\"name\":\"Votre organisation s\u2019est-elle \u00e9gar\u00e9e ?\"}]},{\"@type\":\"WebSite\",\"@id\":\"https:\\\/\\\/karmadharma.ca\\\/fr\\\/#website\",\"url\":\"https:\\\/\\\/karmadharma.ca\\\/fr\\\/\",\"name\":\"karmadharma\",\"description\":\"Strategy and Creative\",\"publisher\":{\"@id\":\"https:\\\/\\\/karmadharma.ca\\\/fr\\\/#organization\"},\"potentialAction\":[{\"@type\":\"SearchAction\",\"target\":{\"@type\":\"EntryPoint\",\"urlTemplate\":\"https:\\\/\\\/karmadharma.ca\\\/fr\\\/?s={search_term_string}\"},\"query-input\":{\"@type\":\"PropertyValueSpecification\",\"valueRequired\":true,\"valueName\":\"search_term_string\"}}],\"inLanguage\":\"fr-CA\"},{\"@type\":\"Organization\",\"@id\":\"https:\\\/\\\/karmadharma.ca\\\/fr\\\/#organization\",\"name\":\"karmadharma\",\"url\":\"https:\\\/\\\/karmadharma.ca\\\/fr\\\/\",\"logo\":{\"@type\":\"ImageObject\",\"inLanguage\":\"fr-CA\",\"@id\":\"https:\\\/\\\/karmadharma.ca\\\/fr\\\/#\\\/schema\\\/logo\\\/image\\\/\",\"url\":\"https:\\\/\\\/karmadharma.ca\\\/wp-content\\\/uploads\\\/2023\\\/02\\\/karmadharma-logo.svg\",\"contentUrl\":\"https:\\\/\\\/karmadharma.ca\\\/wp-content\\\/uploads\\\/2023\\\/02\\\/karmadharma-logo.svg\",\"width\":380.35,\"height\":172.22,\"caption\":\"karmadharma\"},\"image\":{\"@id\":\"https:\\\/\\\/karmadharma.ca\\\/fr\\\/#\\\/schema\\\/logo\\\/image\\\/\"},\"sameAs\":[\"https:\\\/\\\/www.facebook.com\\\/karmadharma.agency\",\"https:\\\/\\\/www.linkedin.com\\\/company\\\/karmadharma-agency\\\/\",\"https:\\\/\\\/www.instagram.com\\\/karmadharma.agency\\\/\",\"https:\\\/\\\/www.tiktok.com\\\/@karmadharma.agency\"]},{\"@type\":\"Person\",\"@id\":\"https:\\\/\\\/karmadharma.ca\\\/fr\\\/#\\\/schema\\\/person\\\/715c0394aaa71ff94d75f152a99b9d3d\",\"name\":\"Peter Georgariou\",\"image\":{\"@type\":\"ImageObject\",\"inLanguage\":\"fr-CA\",\"@id\":\"https:\\\/\\\/secure.gravatar.com\\\/avatar\\\/7dbceee7b2aa3d27a59ea48159839a6c2608d6c9dab356a98fa7c4ec7678ff37?s=96&d=mm&r=g\",\"url\":\"https:\\\/\\\/secure.gravatar.com\\\/avatar\\\/7dbceee7b2aa3d27a59ea48159839a6c2608d6c9dab356a98fa7c4ec7678ff37?s=96&d=mm&r=g\",\"contentUrl\":\"https:\\\/\\\/secure.gravatar.com\\\/avatar\\\/7dbceee7b2aa3d27a59ea48159839a6c2608d6c9dab356a98fa7c4ec7678ff37?s=96&d=mm&r=g\",\"caption\":\"Peter Georgariou\"},\"description\":\"With over 18 years of experience in sales, marketing and operations, Peter enjoys helping businesses establish the proper structures, strategies and marketing plans to help them achieve their goals and dreams. He is helping them make the most of their potential and ability to impact the communities in which they live.\",\"url\":\"https:\\\/\\\/karmadharma.ca\\\/fr\\\/author\\\/peter\\\/\"}]}<\/script>\n<!-- \/ Yoast SEO plugin. -->","yoast_head_json":{"title":"karmadharma - Votre organisation s\u2019est-elle \u00e9gar\u00e9e ?","description":"La COVID nous a tous plut\u00f4t d\u00e9boussol\u00e9s. Va-et-vient entre les mesures de confinement et de d\u00e9confinement, incertitude face \u00e0 l\u2019avenir, impossibilit\u00e9 de savoir quand les choses reviendront \u00e0 la \u00ab normale \u00bb. Nous recherchons tous une certaine normalit\u00e9, celle-ci constituant la base solide qui nous permet de progresser dans le monde.","robots":{"index":"index","follow":"follow","max-snippet":"max-snippet:-1","max-image-preview":"max-image-preview:large","max-video-preview":"max-video-preview:-1"},"canonical":"https:\/\/karmadharma.ca\/fr\/votre-organisation-sest-elle-egaree\/","og_locale":"fr_CA","og_type":"article","og_title":"Votre organisation s\u2019est-elle \u00e9gar\u00e9e ?","og_description":"La COVID nous a tous plut\u00f4t d\u00e9boussol\u00e9s. Va-et-vient entre les mesures de confinement et de d\u00e9confinement, incertitude face \u00e0 l\u2019avenir, impossibilit\u00e9 de savoir quand les choses reviendront \u00e0 la \u00ab normale \u00bb. Nous recherchons tous une certaine normalit\u00e9, celle-ci constituant la base solide qui nous permet de progresser dans le monde.","og_url":"https:\/\/karmadharma.ca\/fr\/votre-organisation-sest-elle-egaree\/","og_site_name":"karmadharma","article_publisher":"https:\/\/www.facebook.com\/karmadharma.agency","article_published_time":"2021-04-26T13:11:13+00:00","article_modified_time":"2022-04-29T19:17:30+00:00","og_image":[{"width":1520,"height":728,"url":"https:\/\/karmadharma.ca\/wp-content\/uploads\/2021\/04\/shoes72ppi.jpg","type":"image\/jpeg"}],"author":"Peter Georgariou","twitter_card":"summary_large_image","twitter_title":"Votre organisation s\u2019est-elle \u00e9gar\u00e9e ?","twitter_description":"La COVID nous a tous plut\u00f4t d\u00e9boussol\u00e9s. Va-et-vient entre les mesures de confinement et de d\u00e9confinement, incertitude face \u00e0 l\u2019avenir, impossibilit\u00e9 de savoir quand les choses reviendront \u00e0 la \u00ab normale \u00bb. Nous recherchons tous une certaine normalit\u00e9, celle-ci constituant la base solide qui nous permet de progresser dans le monde.","twitter_image":"https:\/\/karmadharma.ca\/wp-content\/uploads\/2021\/04\/shoes-light-grey-scaled.jpg","twitter_misc":{"\u00c9crit par":"Peter Georgariou","Estimation du temps de lecture":"3 minutes"},"schema":{"@context":"https:\/\/schema.org","@graph":[{"@type":"Article","@id":"https:\/\/karmadharma.ca\/fr\/votre-organisation-sest-elle-egaree\/#article","isPartOf":{"@id":"https:\/\/karmadharma.ca\/fr\/votre-organisation-sest-elle-egaree\/"},"author":{"name":"Peter Georgariou","@id":"https:\/\/karmadharma.ca\/fr\/#\/schema\/person\/715c0394aaa71ff94d75f152a99b9d3d"},"headline":"Votre organisation s\u2019est-elle \u00e9gar\u00e9e ?","datePublished":"2021-04-26T13:11:13+00:00","dateModified":"2022-04-29T19:17:30+00:00","mainEntityOfPage":{"@id":"https:\/\/karmadharma.ca\/fr\/votre-organisation-sest-elle-egaree\/"},"wordCount":519,"commentCount":0,"publisher":{"@id":"https:\/\/karmadharma.ca\/fr\/#organization"},"image":{"@id":"https:\/\/karmadharma.ca\/fr\/votre-organisation-sest-elle-egaree\/#primaryimage"},"thumbnailUrl":"https:\/\/karmadharma.ca\/wp-content\/uploads\/2021\/04\/shoes-alt-alt.jpg","articleSection":["La direction"],"inLanguage":"fr-CA","potentialAction":[{"@type":"CommentAction","name":"Comment","target":["https:\/\/karmadharma.ca\/fr\/votre-organisation-sest-elle-egaree\/#respond"]}]},{"@type":"WebPage","@id":"https:\/\/karmadharma.ca\/fr\/votre-organisation-sest-elle-egaree\/","url":"https:\/\/karmadharma.ca\/fr\/votre-organisation-sest-elle-egaree\/","name":"karmadharma - Votre organisation s\u2019est-elle \u00e9gar\u00e9e ?","isPartOf":{"@id":"https:\/\/karmadharma.ca\/fr\/#website"},"primaryImageOfPage":{"@id":"https:\/\/karmadharma.ca\/fr\/votre-organisation-sest-elle-egaree\/#primaryimage"},"image":{"@id":"https:\/\/karmadharma.ca\/fr\/votre-organisation-sest-elle-egaree\/#primaryimage"},"thumbnailUrl":"https:\/\/karmadharma.ca\/wp-content\/uploads\/2021\/04\/shoes-alt-alt.jpg","datePublished":"2021-04-26T13:11:13+00:00","dateModified":"2022-04-29T19:17:30+00:00","description":"La COVID nous a tous plut\u00f4t d\u00e9boussol\u00e9s. Va-et-vient entre les mesures de confinement et de d\u00e9confinement, incertitude face \u00e0 l\u2019avenir, impossibilit\u00e9 de savoir quand les choses reviendront \u00e0 la \u00ab normale \u00bb. Nous recherchons tous une certaine normalit\u00e9, celle-ci constituant la base solide qui nous permet de progresser dans le monde.","breadcrumb":{"@id":"https:\/\/karmadharma.ca\/fr\/votre-organisation-sest-elle-egaree\/#breadcrumb"},"inLanguage":"fr-CA","potentialAction":[{"@type":"ReadAction","target":["https:\/\/karmadharma.ca\/fr\/votre-organisation-sest-elle-egaree\/"]}]},{"@type":"ImageObject","inLanguage":"fr-CA","@id":"https:\/\/karmadharma.ca\/fr\/votre-organisation-sest-elle-egaree\/#primaryimage","url":"https:\/\/karmadharma.ca\/wp-content\/uploads\/2021\/04\/shoes-alt-alt.jpg","contentUrl":"https:\/\/karmadharma.ca\/wp-content\/uploads\/2021\/04\/shoes-alt-alt.jpg","width":1520,"height":728,"caption":"Leather brown men's sneakers with white laces and rubber soles on beige background. Flat lay top view. Men's sports casual shoes. Fashionable sneakers. Male fashion hipster footwear Minimal background."},{"@type":"BreadcrumbList","@id":"https:\/\/karmadharma.ca\/fr\/votre-organisation-sest-elle-egaree\/#breadcrumb","itemListElement":[{"@type":"ListItem","position":1,"name":"Home","item":"https:\/\/karmadharma.ca\/fr\/"},{"@type":"ListItem","position":2,"name":"Votre organisation s\u2019est-elle \u00e9gar\u00e9e ?"}]},{"@type":"WebSite","@id":"https:\/\/karmadharma.ca\/fr\/#website","url":"https:\/\/karmadharma.ca\/fr\/","name":"karmadharma","description":"Strategy and Creative","publisher":{"@id":"https:\/\/karmadharma.ca\/fr\/#organization"},"potentialAction":[{"@type":"SearchAction","target":{"@type":"EntryPoint","urlTemplate":"https:\/\/karmadharma.ca\/fr\/?s={search_term_string}"},"query-input":{"@type":"PropertyValueSpecification","valueRequired":true,"valueName":"search_term_string"}}],"inLanguage":"fr-CA"},{"@type":"Organization","@id":"https:\/\/karmadharma.ca\/fr\/#organization","name":"karmadharma","url":"https:\/\/karmadharma.ca\/fr\/","logo":{"@type":"ImageObject","inLanguage":"fr-CA","@id":"https:\/\/karmadharma.ca\/fr\/#\/schema\/logo\/image\/","url":"https:\/\/karmadharma.ca\/wp-content\/uploads\/2023\/02\/karmadharma-logo.svg","contentUrl":"https:\/\/karmadharma.ca\/wp-content\/uploads\/2023\/02\/karmadharma-logo.svg","width":380.35,"height":172.22,"caption":"karmadharma"},"image":{"@id":"https:\/\/karmadharma.ca\/fr\/#\/schema\/logo\/image\/"},"sameAs":["https:\/\/www.facebook.com\/karmadharma.agency","https:\/\/www.linkedin.com\/company\/karmadharma-agency\/","https:\/\/www.instagram.com\/karmadharma.agency\/","https:\/\/www.tiktok.com\/@karmadharma.agency"]},{"@type":"Person","@id":"https:\/\/karmadharma.ca\/fr\/#\/schema\/person\/715c0394aaa71ff94d75f152a99b9d3d","name":"Peter Georgariou","image":{"@type":"ImageObject","inLanguage":"fr-CA","@id":"https:\/\/secure.gravatar.com\/avatar\/7dbceee7b2aa3d27a59ea48159839a6c2608d6c9dab356a98fa7c4ec7678ff37?s=96&d=mm&r=g","url":"https:\/\/secure.gravatar.com\/avatar\/7dbceee7b2aa3d27a59ea48159839a6c2608d6c9dab356a98fa7c4ec7678ff37?s=96&d=mm&r=g","contentUrl":"https:\/\/secure.gravatar.com\/avatar\/7dbceee7b2aa3d27a59ea48159839a6c2608d6c9dab356a98fa7c4ec7678ff37?s=96&d=mm&r=g","caption":"Peter Georgariou"},"description":"With over 18 years of experience in sales, marketing and operations, Peter enjoys helping businesses establish the proper structures, strategies and marketing plans to help them achieve their goals and dreams. He is helping them make the most of their potential and ability to impact the communities in which they live.","url":"https:\/\/karmadharma.ca\/fr\/author\/peter\/"}]}},"featured_image_url":"https:\/\/karmadharma.ca\/wp-content\/uploads\/2021\/04\/shoes-alt-alt.jpg","_links":{"self":[{"href":"https:\/\/karmadharma.ca\/fr\/wp-json\/wp\/v2\/posts\/4464","targetHints":{"allow":["GET"]}}],"collection":[{"href":"https:\/\/karmadharma.ca\/fr\/wp-json\/wp\/v2\/posts"}],"about":[{"href":"https:\/\/karmadharma.ca\/fr\/wp-json\/wp\/v2\/types\/post"}],"author":[{"embeddable":true,"href":"https:\/\/karmadharma.ca\/fr\/wp-json\/wp\/v2\/users\/7"}],"replies":[{"embeddable":true,"href":"https:\/\/karmadharma.ca\/fr\/wp-json\/wp\/v2\/comments?post=4464"}],"version-history":[{"count":0,"href":"https:\/\/karmadharma.ca\/fr\/wp-json\/wp\/v2\/posts\/4464\/revisions"}],"wp:featuredmedia":[{"embeddable":true,"href":"https:\/\/karmadharma.ca\/fr\/wp-json\/wp\/v2\/media\/4416"}],"wp:attachment":[{"href":"https:\/\/karmadharma.ca\/fr\/wp-json\/wp\/v2\/media?parent=4464"}],"wp:term":[{"taxonomy":"category","embeddable":true,"href":"https:\/\/karmadharma.ca\/fr\/wp-json\/wp\/v2\/categories?post=4464"},{"taxonomy":"post_tag","embeddable":true,"href":"https:\/\/karmadharma.ca\/fr\/wp-json\/wp\/v2\/tags?post=4464"}],"curies":[{"name":"wp","href":"https:\/\/api.w.org\/{rel}","templated":true}]}}