{"id":14397,"date":"2024-05-04T09:00:46","date_gmt":"2024-05-04T13:00:46","guid":{"rendered":"https:\/\/karmadharma.ca\/?p=14397"},"modified":"2024-07-31T15:54:55","modified_gmt":"2024-07-31T19:54:55","slug":"trouver-sa-place-parmi-les-siens","status":"publish","type":"post","link":"https:\/\/karmadharma.ca\/fr\/trouver-sa-place-parmi-les-siens\/","title":{"rendered":"Trouver sa place parmi les siens"},"content":{"rendered":"<p><span style=\"font-weight: 400;\">Notre entourage est compos\u00e9 de nombreuses personnes\u00a0: parents, amis, coll\u00e8gues, partenaires de sport et de loisirs et m\u00eame, les personnes qui prennent tout leur temps dans les rayons d\u2019\u00e9picerie (oui, ceux-l\u00e0 comptent aussi\u2026).\u00a0<\/span><\/p>\n<p><span style=\"font-weight: 400;\">Certaines personnes sont dans nos vies en raison de circonstances particuli\u00e8res ou d\u2019un lien g\u00e9n\u00e9tique; d\u2019autres parce qu\u2019on les a choisies.<\/span><\/p>\n<p><span style=\"font-weight: 400;\">Certaines nous remplissent d\u2019\u00e9nergie, alors que d\u2019autres nous \u00e9puisent.<\/span><\/p>\n<p><span style=\"font-weight: 400;\">C\u2019est cette ann\u00e9e, \u00e0 un mois de f\u00eater mes 50\u00a0ans, que j\u2019en ai r\u00e9ellement pris conscience. Mieux vaut tard que jamais!<\/span><\/p>\n<p><span style=\"font-weight: 400;\">Ce printemps, j\u2019ai assist\u00e9 \u00e0 trois conf\u00e9rences\u00a0:\u00a0<\/span><a href=\"https:\/\/real-leaders.com\/unite\/\"><span style=\"font-weight: 400;\">Real Leaders Unite<\/span><\/a><span style=\"font-weight: 400;\">,\u00a0<\/span><a href=\"https:\/\/usca.bcorporation.net\/champions-retreat-2024\/\"><span style=\"font-weight: 400;\">la <\/span><span style=\"font-weight: 400;\">retraite des champion.ne.s B<\/span><\/a><span style=\"font-weight: 400;\">\u00a0et le\u00a0<\/span><a href=\"https:\/\/mo-summit.com\/\"><span style=\"font-weight: 400;\">MO Summit<\/span><\/a><span style=\"font-weight: 400;\">. Les trois \u00e9v\u00e9nements abordaient la m\u00eame question\u00a0: comment utiliser l\u2019entreprise comme une force au service du bien?<\/span><\/p>\n<p><span style=\"font-weight: 400;\">La retraite des champion.ne.s\u00a0 \u00e9tait destin\u00e9e \u00e0 la communaut\u00e9 plus vaste des entreprises certifi\u00e9es\u00a0<\/span><a href=\"https:\/\/usca.bcorporation.net\/fr\/page-daccueil\/\"><span style=\"font-weight: 400;\">B Corp<\/span><\/a><span style=\"font-weight: 400;\">, tandis que les deux autres s\u2019adressaient aux membres d\u2019Impact CEOs.\u00a0<\/span><\/p>\n<p><img fetchpriority=\"high\" decoding=\"async\" class=\"alignnone wp-image-13696 size-full\" src=\"https:\/\/karmadharma.ca\/wp-content\/uploads\/2024\/05\/2024MOSummit-40.jpg\" alt=\"\" width=\"1600\" height=\"1066\" srcset=\"https:\/\/karmadharma.ca\/wp-content\/uploads\/2024\/05\/2024MOSummit-40.jpg 1600w, https:\/\/karmadharma.ca\/wp-content\/uploads\/2024\/05\/2024MOSummit-40-300x200.jpg 300w, https:\/\/karmadharma.ca\/wp-content\/uploads\/2024\/05\/2024MOSummit-40-1024x682.jpg 1024w, https:\/\/karmadharma.ca\/wp-content\/uploads\/2024\/05\/2024MOSummit-40-768x512.jpg 768w, https:\/\/karmadharma.ca\/wp-content\/uploads\/2024\/05\/2024MOSummit-40-1536x1023.jpg 1536w\" sizes=\"(max-width: 1600px) 100vw, 1600px\" \/><\/p>\n<p>&nbsp;<\/p>\n<p><span style=\"font-weight: 400;\">J\u2019ai eu le sentiment d\u2019\u00eatre parmi les miens.<\/span><\/p>\n<p><span style=\"font-weight: 400;\">Ce groupe de leaders incroyablement d\u00e9vou\u00e9 tente de changer le monde \u00e0 sa mani\u00e8re par l\u2019entremise de l\u2019entreprise. Ces personnes connaissent le succ\u00e8s financier non pas\u00a0<\/span><i><span style=\"font-weight: 400;\">en d\u00e9pit<\/span><\/i><span style=\"font-weight: 400;\"> du fait qu\u2019elles priorisent les gens et la plan\u00e8te, mais\u00a0<\/span><i><span style=\"font-weight: 400;\">parce que<\/span><\/i><span style=\"font-weight: 400;\"> c\u2019est pr\u00e9cis\u00e9ment ce qu\u2019elles font.<\/span><\/p>\n<p><span style=\"font-weight: 400;\">Du secteur bancaire \u00e0 l\u2019investissement en passant par les syst\u00e8mes alimentaires et les services professionnels, quel que soit le produit ou le service qu\u2019elles offrent, elles montrent clairement qu\u2019il est possible d\u2019obtenir de bons r\u00e9sultats en faisant le bien.<\/span><\/p>\n<p><span style=\"font-weight: 400;\">Surexcit\u00e9 comme un enfant dans un magasin de bonbons, j\u2019ai pris part \u00e0 une multitude de conf\u00e9rences, d\u2019ateliers et de soupers. En fait, je me sentais comme si j\u2019avais r\u00eav\u00e9 toute mon enfance de devenir astronaute, et que tout \u00e0 coup, je me retrouvais dans une combinaison spatiale, au beau milieu d\u2019une f\u00eate d\u2019astronautes de haut niveau. Pincez-moi, je r\u00eave!<\/span><\/p>\n<p><span style=\"font-weight: 400;\">R\u00e9v\u00e9rence, humilit\u00e9 et inspiration m\u2019habitaient en \u00e9coutant ces gens partager leur sagesse et leur exp\u00e9rience. J\u2019ai vu la beaut\u00e9 de ce que ces personnes r\u00e9alisaient en collaboration avec les \u00e9quipes, et j\u2019ai constat\u00e9 les d\u00e9fis de la vie r\u00e9elle qui accompagnent tout ce qui vaut la peine d\u2019\u00eatre entrepris.\u00a0<\/span><\/p>\n<p><span style=\"font-weight: 400;\">J\u2019ai ressenti, et je ressens encore, un profond sentiment d\u2019honneur et de privil\u00e8ge en me rendant compte que non seulement j\u2019ai pu transformer le travail de ma vie en une entreprise ax\u00e9e sur l\u2019atteinte d\u2019un but pr\u00e9cis, mais qu\u2019il y a plein d\u2019autres gens d\u2019affaires bienveillants qui accomplissent des exploits remarquables et tracent une voie positive vers l\u2019avenir.<\/span><\/p>\n<p><span style=\"font-weight: 400;\">Il n\u2019est pas question ici de hippies marginaux qui enlacent les arbres et consomment des champignons magiques. Je parle de v\u00e9ritables entreprises, des entrepreneurs particuliers aux entreprises valant des milliards, qui non seulement aident la plan\u00e8te et rendent le monde meilleur pour leurs clients, leurs partenaires et leurs communaut\u00e9s, mais d\u00e9montrent qu\u2019il est rentable de le faire. Ces revenus peuvent \u00e9galement \u00eatre r\u00e9investis au profit de toutes ces parties prenantes.<\/span><\/p>\n<p><span style=\"font-weight: 400;\">Je le r\u00e9p\u00e8te : j\u2019ai eu le sentiment d\u2019\u00eatre parmi les miens. Je vous invite vous aussi \u00e0 trouver votre place parmi les v\u00f4tres.\u00a0<\/span><span style=\"font-weight: 400;\">La vie est trop courte pour passer \u00e0 c\u00f4t\u00e9 d\u2019une telle occasion.<\/span><\/p>\n<p><img decoding=\"async\" class=\"alignnone wp-image-13702 size-large\" src=\"https:\/\/karmadharma.ca\/wp-content\/uploads\/2024\/05\/2024MOSummit-86-1024x682.jpg\" alt=\"\" width=\"800\" height=\"533\" srcset=\"https:\/\/karmadharma.ca\/wp-content\/uploads\/2024\/05\/2024MOSummit-86-1024x682.jpg 1024w, https:\/\/karmadharma.ca\/wp-content\/uploads\/2024\/05\/2024MOSummit-86-300x200.jpg 300w, https:\/\/karmadharma.ca\/wp-content\/uploads\/2024\/05\/2024MOSummit-86-768x512.jpg 768w, https:\/\/karmadharma.ca\/wp-content\/uploads\/2024\/05\/2024MOSummit-86-1536x1023.jpg 1536w, https:\/\/karmadharma.ca\/wp-content\/uploads\/2024\/05\/2024MOSummit-86.jpg 1600w\" sizes=\"(max-width: 800px) 100vw, 800px\" \/><\/p>\n<p>&nbsp;<\/p>\n<p>L\u2019\u00e9nergie et la passion que m\u2019ont transmises ces leaders transformationnels nourrissent mon \u00e2me et m\u2019incitent \u00e0 donner au suivant de fa\u00e7on d\u00e9cupl\u00e9e.<\/p>\n<p>Votre propre communaut\u00e9 vous attend. Non seulement vous remplira-t-elle d\u2019\u00e9nergie, mais elle enrichira votre vie en lui donnant du sens et en vous invitant \u00e0 rendre service aux gens et \u00e0 la plan\u00e8te.<\/p>\n","protected":false},"excerpt":{"rendered":"<p>Notre entourage est compos\u00e9 de nombreuses personnes\u00a0: parents, amis, coll\u00e8gues, partenaires de sport et de loisirs et m\u00eame, les personnes qui prennent tout leur temps dans les rayons d\u2019\u00e9picerie (oui, ceux-l\u00e0 comptent aussi\u2026).\u00a0 Certaines personnes sont dans nos vies en raison de circonstances particuli\u00e8res ou d\u2019un lien g\u00e9n\u00e9tique; d\u2019autres parce qu\u2019on les a choisies. Certaines [&hellip;]<\/p>\n","protected":false},"author":7,"featured_media":14404,"comment_status":"closed","ping_status":"closed","sticky":false,"template":"","format":"standard","meta":{"_acf_changed":false,"footnotes":""},"categories":[41],"tags":[],"class_list":["post-14397","post","type-post","status-publish","format-standard","has-post-thumbnail","hentry","category-la-direction-fr"],"acf":[],"yoast_head":"<!-- This site is optimized with the Yoast SEO plugin v27.3 - https:\/\/yoast.com\/product\/yoast-seo-wordpress\/ -->\n<title>karmadharma - Trouver sa place parmi les siens<\/title>\n<meta name=\"robots\" content=\"index, follow, max-snippet:-1, max-image-preview:large, max-video-preview:-1\" \/>\n<link rel=\"canonical\" href=\"https:\/\/karmadharma.ca\/fr\/trouver-sa-place-parmi-les-siens\/\" \/>\n<meta property=\"og:locale\" content=\"fr_CA\" \/>\n<meta property=\"og:type\" content=\"article\" \/>\n<meta property=\"og:title\" content=\"karmadharma - Trouver sa place parmi les siens\" \/>\n<meta property=\"og:description\" content=\"Notre entourage est compos\u00e9 de nombreuses personnes\u00a0: parents, amis, coll\u00e8gues, partenaires de sport et de loisirs et m\u00eame, les personnes qui prennent tout leur temps dans les rayons d\u2019\u00e9picerie (oui, ceux-l\u00e0 comptent aussi\u2026).\u00a0 Certaines personnes sont dans nos vies en raison de circonstances particuli\u00e8res ou d\u2019un lien g\u00e9n\u00e9tique; d\u2019autres parce qu\u2019on les a choisies. Certaines [&hellip;]\" \/>\n<meta property=\"og:url\" content=\"https:\/\/karmadharma.ca\/fr\/trouver-sa-place-parmi-les-siens\/\" \/>\n<meta property=\"og:site_name\" content=\"karmadharma\" \/>\n<meta property=\"article:publisher\" content=\"https:\/\/www.facebook.com\/karmadharma.agency\" \/>\n<meta property=\"article:published_time\" content=\"2024-05-04T13:00:46+00:00\" \/>\n<meta property=\"article:modified_time\" content=\"2024-07-31T19:54:55+00:00\" \/>\n<meta property=\"og:image\" content=\"https:\/\/karmadharma.ca\/wp-content\/uploads\/2024\/05\/DALL\u00b7E-2024-05-02-09.32.02-An-animated-image-in-the-style-of-Pixar-animation-featuring-a-white-child-with-glasses-and-short-curly-dark-hair-wearing-an-astronaut-suit.-I.jpg\" \/>\n\t<meta property=\"og:image:width\" content=\"1792\" \/>\n\t<meta property=\"og:image:height\" content=\"1024\" \/>\n\t<meta property=\"og:image:type\" content=\"image\/jpeg\" \/>\n<meta name=\"author\" content=\"Peter Georgariou\" \/>\n<meta name=\"twitter:card\" content=\"summary_large_image\" \/>\n<meta name=\"twitter:label1\" content=\"\u00c9crit par\" \/>\n\t<meta name=\"twitter:data1\" content=\"Peter Georgariou\" \/>\n\t<meta name=\"twitter:label2\" content=\"Estimation du temps de lecture\" \/>\n\t<meta name=\"twitter:data2\" content=\"4 minutes\" \/>\n<script type=\"application\/ld+json\" class=\"yoast-schema-graph\">{\"@context\":\"https:\\\/\\\/schema.org\",\"@graph\":[{\"@type\":\"Article\",\"@id\":\"https:\\\/\\\/karmadharma.ca\\\/fr\\\/trouver-sa-place-parmi-les-siens\\\/#article\",\"isPartOf\":{\"@id\":\"https:\\\/\\\/karmadharma.ca\\\/fr\\\/trouver-sa-place-parmi-les-siens\\\/\"},\"author\":{\"name\":\"Peter Georgariou\",\"@id\":\"https:\\\/\\\/karmadharma.ca\\\/fr\\\/#\\\/schema\\\/person\\\/715c0394aaa71ff94d75f152a99b9d3d\"},\"headline\":\"Trouver sa place parmi les siens\",\"datePublished\":\"2024-05-04T13:00:46+00:00\",\"dateModified\":\"2024-07-31T19:54:55+00:00\",\"mainEntityOfPage\":{\"@id\":\"https:\\\/\\\/karmadharma.ca\\\/fr\\\/trouver-sa-place-parmi-les-siens\\\/\"},\"wordCount\":663,\"publisher\":{\"@id\":\"https:\\\/\\\/karmadharma.ca\\\/fr\\\/#organization\"},\"image\":{\"@id\":\"https:\\\/\\\/karmadharma.ca\\\/fr\\\/trouver-sa-place-parmi-les-siens\\\/#primaryimage\"},\"thumbnailUrl\":\"https:\\\/\\\/karmadharma.ca\\\/wp-content\\\/uploads\\\/2024\\\/05\\\/DALL\u00b7E-2024-05-02-09.32.02-An-animated-image-in-the-style-of-Pixar-animation-featuring-a-white-child-with-glasses-and-short-curly-dark-hair-wearing-an-astronaut-suit.-I.jpg\",\"articleSection\":[\"La direction\"],\"inLanguage\":\"fr-CA\"},{\"@type\":\"WebPage\",\"@id\":\"https:\\\/\\\/karmadharma.ca\\\/fr\\\/trouver-sa-place-parmi-les-siens\\\/\",\"url\":\"https:\\\/\\\/karmadharma.ca\\\/fr\\\/trouver-sa-place-parmi-les-siens\\\/\",\"name\":\"karmadharma - Trouver sa place parmi les siens\",\"isPartOf\":{\"@id\":\"https:\\\/\\\/karmadharma.ca\\\/fr\\\/#website\"},\"primaryImageOfPage\":{\"@id\":\"https:\\\/\\\/karmadharma.ca\\\/fr\\\/trouver-sa-place-parmi-les-siens\\\/#primaryimage\"},\"image\":{\"@id\":\"https:\\\/\\\/karmadharma.ca\\\/fr\\\/trouver-sa-place-parmi-les-siens\\\/#primaryimage\"},\"thumbnailUrl\":\"https:\\\/\\\/karmadharma.ca\\\/wp-content\\\/uploads\\\/2024\\\/05\\\/DALL\u00b7E-2024-05-02-09.32.02-An-animated-image-in-the-style-of-Pixar-animation-featuring-a-white-child-with-glasses-and-short-curly-dark-hair-wearing-an-astronaut-suit.-I.jpg\",\"datePublished\":\"2024-05-04T13:00:46+00:00\",\"dateModified\":\"2024-07-31T19:54:55+00:00\",\"breadcrumb\":{\"@id\":\"https:\\\/\\\/karmadharma.ca\\\/fr\\\/trouver-sa-place-parmi-les-siens\\\/#breadcrumb\"},\"inLanguage\":\"fr-CA\",\"potentialAction\":[{\"@type\":\"ReadAction\",\"target\":[\"https:\\\/\\\/karmadharma.ca\\\/fr\\\/trouver-sa-place-parmi-les-siens\\\/\"]}]},{\"@type\":\"ImageObject\",\"inLanguage\":\"fr-CA\",\"@id\":\"https:\\\/\\\/karmadharma.ca\\\/fr\\\/trouver-sa-place-parmi-les-siens\\\/#primaryimage\",\"url\":\"https:\\\/\\\/karmadharma.ca\\\/wp-content\\\/uploads\\\/2024\\\/05\\\/DALL\u00b7E-2024-05-02-09.32.02-An-animated-image-in-the-style-of-Pixar-animation-featuring-a-white-child-with-glasses-and-short-curly-dark-hair-wearing-an-astronaut-suit.-I.jpg\",\"contentUrl\":\"https:\\\/\\\/karmadharma.ca\\\/wp-content\\\/uploads\\\/2024\\\/05\\\/DALL\u00b7E-2024-05-02-09.32.02-An-animated-image-in-the-style-of-Pixar-animation-featuring-a-white-child-with-glasses-and-short-curly-dark-hair-wearing-an-astronaut-suit.-I.jpg\",\"width\":1792,\"height\":1024},{\"@type\":\"BreadcrumbList\",\"@id\":\"https:\\\/\\\/karmadharma.ca\\\/fr\\\/trouver-sa-place-parmi-les-siens\\\/#breadcrumb\",\"itemListElement\":[{\"@type\":\"ListItem\",\"position\":1,\"name\":\"Home\",\"item\":\"https:\\\/\\\/karmadharma.ca\\\/fr\\\/\"},{\"@type\":\"ListItem\",\"position\":2,\"name\":\"Trouver sa place parmi les siens\"}]},{\"@type\":\"WebSite\",\"@id\":\"https:\\\/\\\/karmadharma.ca\\\/fr\\\/#website\",\"url\":\"https:\\\/\\\/karmadharma.ca\\\/fr\\\/\",\"name\":\"karmadharma\",\"description\":\"Strategy and Creative\",\"publisher\":{\"@id\":\"https:\\\/\\\/karmadharma.ca\\\/fr\\\/#organization\"},\"potentialAction\":[{\"@type\":\"SearchAction\",\"target\":{\"@type\":\"EntryPoint\",\"urlTemplate\":\"https:\\\/\\\/karmadharma.ca\\\/fr\\\/?s={search_term_string}\"},\"query-input\":{\"@type\":\"PropertyValueSpecification\",\"valueRequired\":true,\"valueName\":\"search_term_string\"}}],\"inLanguage\":\"fr-CA\"},{\"@type\":\"Organization\",\"@id\":\"https:\\\/\\\/karmadharma.ca\\\/fr\\\/#organization\",\"name\":\"karmadharma\",\"url\":\"https:\\\/\\\/karmadharma.ca\\\/fr\\\/\",\"logo\":{\"@type\":\"ImageObject\",\"inLanguage\":\"fr-CA\",\"@id\":\"https:\\\/\\\/karmadharma.ca\\\/fr\\\/#\\\/schema\\\/logo\\\/image\\\/\",\"url\":\"https:\\\/\\\/karmadharma.ca\\\/wp-content\\\/uploads\\\/2023\\\/02\\\/karmadharma-logo.svg\",\"contentUrl\":\"https:\\\/\\\/karmadharma.ca\\\/wp-content\\\/uploads\\\/2023\\\/02\\\/karmadharma-logo.svg\",\"width\":380.35,\"height\":172.22,\"caption\":\"karmadharma\"},\"image\":{\"@id\":\"https:\\\/\\\/karmadharma.ca\\\/fr\\\/#\\\/schema\\\/logo\\\/image\\\/\"},\"sameAs\":[\"https:\\\/\\\/www.facebook.com\\\/karmadharma.agency\",\"https:\\\/\\\/www.linkedin.com\\\/company\\\/karmadharma-agency\\\/\",\"https:\\\/\\\/www.instagram.com\\\/karmadharma.agency\\\/\",\"https:\\\/\\\/www.tiktok.com\\\/@karmadharma.agency\"]},{\"@type\":\"Person\",\"@id\":\"https:\\\/\\\/karmadharma.ca\\\/fr\\\/#\\\/schema\\\/person\\\/715c0394aaa71ff94d75f152a99b9d3d\",\"name\":\"Peter Georgariou\",\"image\":{\"@type\":\"ImageObject\",\"inLanguage\":\"fr-CA\",\"@id\":\"https:\\\/\\\/secure.gravatar.com\\\/avatar\\\/7dbceee7b2aa3d27a59ea48159839a6c2608d6c9dab356a98fa7c4ec7678ff37?s=96&d=mm&r=g\",\"url\":\"https:\\\/\\\/secure.gravatar.com\\\/avatar\\\/7dbceee7b2aa3d27a59ea48159839a6c2608d6c9dab356a98fa7c4ec7678ff37?s=96&d=mm&r=g\",\"contentUrl\":\"https:\\\/\\\/secure.gravatar.com\\\/avatar\\\/7dbceee7b2aa3d27a59ea48159839a6c2608d6c9dab356a98fa7c4ec7678ff37?s=96&d=mm&r=g\",\"caption\":\"Peter Georgariou\"},\"description\":\"With over 18 years of experience in sales, marketing and operations, Peter enjoys helping businesses establish the proper structures, strategies and marketing plans to help them achieve their goals and dreams. He is helping them make the most of their potential and ability to impact the communities in which they live.\",\"url\":\"https:\\\/\\\/karmadharma.ca\\\/fr\\\/author\\\/peter\\\/\"}]}<\/script>\n<!-- \/ Yoast SEO plugin. -->","yoast_head_json":{"title":"karmadharma - Trouver sa place parmi les siens","robots":{"index":"index","follow":"follow","max-snippet":"max-snippet:-1","max-image-preview":"max-image-preview:large","max-video-preview":"max-video-preview:-1"},"canonical":"https:\/\/karmadharma.ca\/fr\/trouver-sa-place-parmi-les-siens\/","og_locale":"fr_CA","og_type":"article","og_title":"karmadharma - Trouver sa place parmi les siens","og_description":"Notre entourage est compos\u00e9 de nombreuses personnes\u00a0: parents, amis, coll\u00e8gues, partenaires de sport et de loisirs et m\u00eame, les personnes qui prennent tout leur temps dans les rayons d\u2019\u00e9picerie (oui, ceux-l\u00e0 comptent aussi\u2026).\u00a0 Certaines personnes sont dans nos vies en raison de circonstances particuli\u00e8res ou d\u2019un lien g\u00e9n\u00e9tique; d\u2019autres parce qu\u2019on les a choisies. Certaines [&hellip;]","og_url":"https:\/\/karmadharma.ca\/fr\/trouver-sa-place-parmi-les-siens\/","og_site_name":"karmadharma","article_publisher":"https:\/\/www.facebook.com\/karmadharma.agency","article_published_time":"2024-05-04T13:00:46+00:00","article_modified_time":"2024-07-31T19:54:55+00:00","og_image":[{"width":1792,"height":1024,"url":"https:\/\/karmadharma.ca\/wp-content\/uploads\/2024\/05\/DALL\u00b7E-2024-05-02-09.32.02-An-animated-image-in-the-style-of-Pixar-animation-featuring-a-white-child-with-glasses-and-short-curly-dark-hair-wearing-an-astronaut-suit.-I.jpg","type":"image\/jpeg"}],"author":"Peter Georgariou","twitter_card":"summary_large_image","twitter_misc":{"\u00c9crit par":"Peter Georgariou","Estimation du temps de lecture":"4 minutes"},"schema":{"@context":"https:\/\/schema.org","@graph":[{"@type":"Article","@id":"https:\/\/karmadharma.ca\/fr\/trouver-sa-place-parmi-les-siens\/#article","isPartOf":{"@id":"https:\/\/karmadharma.ca\/fr\/trouver-sa-place-parmi-les-siens\/"},"author":{"name":"Peter Georgariou","@id":"https:\/\/karmadharma.ca\/fr\/#\/schema\/person\/715c0394aaa71ff94d75f152a99b9d3d"},"headline":"Trouver sa place parmi les siens","datePublished":"2024-05-04T13:00:46+00:00","dateModified":"2024-07-31T19:54:55+00:00","mainEntityOfPage":{"@id":"https:\/\/karmadharma.ca\/fr\/trouver-sa-place-parmi-les-siens\/"},"wordCount":663,"publisher":{"@id":"https:\/\/karmadharma.ca\/fr\/#organization"},"image":{"@id":"https:\/\/karmadharma.ca\/fr\/trouver-sa-place-parmi-les-siens\/#primaryimage"},"thumbnailUrl":"https:\/\/karmadharma.ca\/wp-content\/uploads\/2024\/05\/DALL\u00b7E-2024-05-02-09.32.02-An-animated-image-in-the-style-of-Pixar-animation-featuring-a-white-child-with-glasses-and-short-curly-dark-hair-wearing-an-astronaut-suit.-I.jpg","articleSection":["La direction"],"inLanguage":"fr-CA"},{"@type":"WebPage","@id":"https:\/\/karmadharma.ca\/fr\/trouver-sa-place-parmi-les-siens\/","url":"https:\/\/karmadharma.ca\/fr\/trouver-sa-place-parmi-les-siens\/","name":"karmadharma - Trouver sa place parmi les siens","isPartOf":{"@id":"https:\/\/karmadharma.ca\/fr\/#website"},"primaryImageOfPage":{"@id":"https:\/\/karmadharma.ca\/fr\/trouver-sa-place-parmi-les-siens\/#primaryimage"},"image":{"@id":"https:\/\/karmadharma.ca\/fr\/trouver-sa-place-parmi-les-siens\/#primaryimage"},"thumbnailUrl":"https:\/\/karmadharma.ca\/wp-content\/uploads\/2024\/05\/DALL\u00b7E-2024-05-02-09.32.02-An-animated-image-in-the-style-of-Pixar-animation-featuring-a-white-child-with-glasses-and-short-curly-dark-hair-wearing-an-astronaut-suit.-I.jpg","datePublished":"2024-05-04T13:00:46+00:00","dateModified":"2024-07-31T19:54:55+00:00","breadcrumb":{"@id":"https:\/\/karmadharma.ca\/fr\/trouver-sa-place-parmi-les-siens\/#breadcrumb"},"inLanguage":"fr-CA","potentialAction":[{"@type":"ReadAction","target":["https:\/\/karmadharma.ca\/fr\/trouver-sa-place-parmi-les-siens\/"]}]},{"@type":"ImageObject","inLanguage":"fr-CA","@id":"https:\/\/karmadharma.ca\/fr\/trouver-sa-place-parmi-les-siens\/#primaryimage","url":"https:\/\/karmadharma.ca\/wp-content\/uploads\/2024\/05\/DALL\u00b7E-2024-05-02-09.32.02-An-animated-image-in-the-style-of-Pixar-animation-featuring-a-white-child-with-glasses-and-short-curly-dark-hair-wearing-an-astronaut-suit.-I.jpg","contentUrl":"https:\/\/karmadharma.ca\/wp-content\/uploads\/2024\/05\/DALL\u00b7E-2024-05-02-09.32.02-An-animated-image-in-the-style-of-Pixar-animation-featuring-a-white-child-with-glasses-and-short-curly-dark-hair-wearing-an-astronaut-suit.-I.jpg","width":1792,"height":1024},{"@type":"BreadcrumbList","@id":"https:\/\/karmadharma.ca\/fr\/trouver-sa-place-parmi-les-siens\/#breadcrumb","itemListElement":[{"@type":"ListItem","position":1,"name":"Home","item":"https:\/\/karmadharma.ca\/fr\/"},{"@type":"ListItem","position":2,"name":"Trouver sa place parmi les siens"}]},{"@type":"WebSite","@id":"https:\/\/karmadharma.ca\/fr\/#website","url":"https:\/\/karmadharma.ca\/fr\/","name":"karmadharma","description":"Strategy and Creative","publisher":{"@id":"https:\/\/karmadharma.ca\/fr\/#organization"},"potentialAction":[{"@type":"SearchAction","target":{"@type":"EntryPoint","urlTemplate":"https:\/\/karmadharma.ca\/fr\/?s={search_term_string}"},"query-input":{"@type":"PropertyValueSpecification","valueRequired":true,"valueName":"search_term_string"}}],"inLanguage":"fr-CA"},{"@type":"Organization","@id":"https:\/\/karmadharma.ca\/fr\/#organization","name":"karmadharma","url":"https:\/\/karmadharma.ca\/fr\/","logo":{"@type":"ImageObject","inLanguage":"fr-CA","@id":"https:\/\/karmadharma.ca\/fr\/#\/schema\/logo\/image\/","url":"https:\/\/karmadharma.ca\/wp-content\/uploads\/2023\/02\/karmadharma-logo.svg","contentUrl":"https:\/\/karmadharma.ca\/wp-content\/uploads\/2023\/02\/karmadharma-logo.svg","width":380.35,"height":172.22,"caption":"karmadharma"},"image":{"@id":"https:\/\/karmadharma.ca\/fr\/#\/schema\/logo\/image\/"},"sameAs":["https:\/\/www.facebook.com\/karmadharma.agency","https:\/\/www.linkedin.com\/company\/karmadharma-agency\/","https:\/\/www.instagram.com\/karmadharma.agency\/","https:\/\/www.tiktok.com\/@karmadharma.agency"]},{"@type":"Person","@id":"https:\/\/karmadharma.ca\/fr\/#\/schema\/person\/715c0394aaa71ff94d75f152a99b9d3d","name":"Peter Georgariou","image":{"@type":"ImageObject","inLanguage":"fr-CA","@id":"https:\/\/secure.gravatar.com\/avatar\/7dbceee7b2aa3d27a59ea48159839a6c2608d6c9dab356a98fa7c4ec7678ff37?s=96&d=mm&r=g","url":"https:\/\/secure.gravatar.com\/avatar\/7dbceee7b2aa3d27a59ea48159839a6c2608d6c9dab356a98fa7c4ec7678ff37?s=96&d=mm&r=g","contentUrl":"https:\/\/secure.gravatar.com\/avatar\/7dbceee7b2aa3d27a59ea48159839a6c2608d6c9dab356a98fa7c4ec7678ff37?s=96&d=mm&r=g","caption":"Peter Georgariou"},"description":"With over 18 years of experience in sales, marketing and operations, Peter enjoys helping businesses establish the proper structures, strategies and marketing plans to help them achieve their goals and dreams. He is helping them make the most of their potential and ability to impact the communities in which they live.","url":"https:\/\/karmadharma.ca\/fr\/author\/peter\/"}]}},"featured_image_url":"https:\/\/karmadharma.ca\/wp-content\/uploads\/2024\/05\/DALL\u00b7E-2024-05-02-09.32.02-An-animated-image-in-the-style-of-Pixar-animation-featuring-a-white-child-with-glasses-and-short-curly-dark-hair-wearing-an-astronaut-suit.-I.jpg","_links":{"self":[{"href":"https:\/\/karmadharma.ca\/fr\/wp-json\/wp\/v2\/posts\/14397","targetHints":{"allow":["GET"]}}],"collection":[{"href":"https:\/\/karmadharma.ca\/fr\/wp-json\/wp\/v2\/posts"}],"about":[{"href":"https:\/\/karmadharma.ca\/fr\/wp-json\/wp\/v2\/types\/post"}],"author":[{"embeddable":true,"href":"https:\/\/karmadharma.ca\/fr\/wp-json\/wp\/v2\/users\/7"}],"replies":[{"embeddable":true,"href":"https:\/\/karmadharma.ca\/fr\/wp-json\/wp\/v2\/comments?post=14397"}],"version-history":[{"count":0,"href":"https:\/\/karmadharma.ca\/fr\/wp-json\/wp\/v2\/posts\/14397\/revisions"}],"wp:featuredmedia":[{"embeddable":true,"href":"https:\/\/karmadharma.ca\/fr\/wp-json\/wp\/v2\/media\/14404"}],"wp:attachment":[{"href":"https:\/\/karmadharma.ca\/fr\/wp-json\/wp\/v2\/media?parent=14397"}],"wp:term":[{"taxonomy":"category","embeddable":true,"href":"https:\/\/karmadharma.ca\/fr\/wp-json\/wp\/v2\/categories?post=14397"},{"taxonomy":"post_tag","embeddable":true,"href":"https:\/\/karmadharma.ca\/fr\/wp-json\/wp\/v2\/tags?post=14397"}],"curies":[{"name":"wp","href":"https:\/\/api.w.org\/{rel}","templated":true}]}}